{"id":14663,"date":"2021-07-12T14:58:27","date_gmt":"2021-07-12T12:58:27","guid":{"rendered":"https:\/\/www.rwfund.org\/eng\/?p=14663"},"modified":"2021-09-22T23:34:05","modified_gmt":"2021-09-22T21:34:05","slug":"focus-on-focus-jelena-jacimovic-jacim-archiwar","status":"publish","type":"post","link":"https:\/\/www.rwfund.org\/eng\/2021\/07\/12\/focus-on-focus-jelena-jacimovic-jacim-archiwar\/","title":{"rendered":"Focus on Focus: Jelena Ja\u0107imovi\u0107 Ja\u0107im &#8211; ArchiWar"},"content":{"rendered":"\n<figure class=\"wp-block-image alignwide size-large\"><a href=\"https:\/\/www.rwfund.org\/eng\/category\/focus-on-focus\/\"><img loading=\"lazy\" decoding=\"async\" width=\"1024\" height=\"576\" src=\"https:\/\/www.rwfund.org\/eng\/wp-content\/uploads\/sites\/2\/2021\/07\/jelena-archiwar-1024x576.jpg\" alt=\"\" class=\"wp-image-14661\" srcset=\"https:\/\/www.rwfund.org\/eng\/wp-content\/uploads\/sites\/2\/2021\/07\/jelena-archiwar-1024x576.jpg 1024w, https:\/\/www.rwfund.org\/eng\/wp-content\/uploads\/sites\/2\/2021\/07\/jelena-archiwar-300x169.jpg 300w, https:\/\/www.rwfund.org\/eng\/wp-content\/uploads\/sites\/2\/2021\/07\/jelena-archiwar-768x432.jpg 768w, https:\/\/www.rwfund.org\/eng\/wp-content\/uploads\/sites\/2\/2021\/07\/jelena-archiwar-1536x864.jpg 1536w, https:\/\/www.rwfund.org\/eng\/wp-content\/uploads\/sites\/2\/2021\/07\/jelena-archiwar-600x338.jpg 600w, https:\/\/www.rwfund.org\/eng\/wp-content\/uploads\/sites\/2\/2021\/07\/jelena-archiwar.jpg 1920w\" sizes=\"auto, (max-width: 1024px) 100vw, 1024px\" \/><\/a><\/figure>\n\n\n\n<p><em>There is hope!<\/em><\/p>\n\n\n\n<!--more-->\n\n\n\n<p><a href=\"https:\/\/www.google.com\/search?client=firefox-b-d&amp;q=jachim992\"><strong>Jelena Ja\u0107imovi\u0107 Ja\u0107im<\/strong><\/a>&nbsp;is an illustrator, designer and activist who, besides a recognizable visual style, actively nurtures articulated socio-political components in her work. In 2020, we had the pleasure of supporting ArchiWar, her project of documenting and personal artistic shaping of remembering genocide in Srebrenica. The project was conducted in collaboration with&nbsp;<a href=\"http:\/\/www.hlc-rdc.org\/?lang=de\">Humanitarian Law Centre<\/a>. Shortly before marking the anniversary of the genocide, we talked to Jelena about her work and understanding of the recent past.&nbsp;<\/p>\n\n\n\n<p><strong>1. Being a part of a generation born just a few years before the genocide, which emotional and political instances made you contribute with your work to the culture of remembrance and facing the war past?<\/strong><\/p>\n\n\n\n<p>The emotional instance was the guilt because I was unaware of the events and for a long time, I haven\u2019t understood the extent of the evil that happened, because I was born in a country where everything is being instrumentalized, relativized, justified and negated. We, the youth that wasn\u2019t even aware of the range of the wars in this region, are affected by everything that\u2019s allegedly being done in our names and what has been done at other people\u2019s damage. Other people\u2019s lives are not valuable any less than ours, and people are not just a number. Especially when they have been murdered and later found in mass graves. And let\u2019s remember these not only primary but also secondary and tertiary mass graves, through which some other human beings were digging, moving and burying again. We have to ask ourselves \u2013 where do we live and by whom? Facing the past is the most important thing \u2013 but it has to be seen from the angle of those who are the reason for our remembrance and with the consciousness that the genocide shall never happen again. Reconciliation doesn\u2019t come through \u201cbut what have they done to us\u201d and spreading hatred but through solidarity and accepting responsibility.<\/p>\n\n\n\n<p><strong>2. You are responding to us from Srebrenica, from Poto\u010dari, to be more precise, where the ArchiWar exhibition is being held to mark the anniversary of the genocide. It\u2019s been a while since the exhibition was held in Belgrade and Novi Sad. When you get an overview of the entire process, from the idea to research, to conducting it and having contact with audiences in different places, which sentiments remain dominant?<\/strong><\/p>\n\n\n\n<p>I think that until I came to Poto\u010dari, I wasn\u2019t aware of how much this matters to me. In the previous two years, while the process of research and creation n was lasting, I thought a lot about how can I impact anything. Yet, when I met my friend Amra Begi\u0107, who is the reason why all of this was made, I understood that my drawings matter to her and to people working at the Memorial centre. And now I\u2019m honored to give them those drawings as symbolic gifts. This is a wrapping of everything I\u2019ve been doing regarding the Srebrenica genocide but it is also the main reason why I will continue doing that. I don\u2019t have any bad sentiments, although some wish I feel them. I am glad that, throughout my entire life, I am able to feel that people are people to people, especially when we are in solidarity in difficult moments and experiences. That\u2019s how we change ourselves and the world around us. That\u2019s enough and it makes me optimistic.<\/p>\n\n\n\n<p><strong>3. Some of the drawings from the exhibition make a particularly strong impression, depicting people with \u201cempty\u201d eyes, without eye pupils, or people with their eyes closed, or people with generally hidden, elusive looks, all of which visually strengthens the impression of hopeless weight and silence. At the societal level today, it seems that we also have blurred, bewildered, distorted looks at the genocide, eyes directed anywhere but directly into facing. On one hand, there is an omnipresent denial of the genocide, and on the other hand, we can oftentimes hear, especially from extreme right-wingers, \u201cthat we were killing them but we haven\u2019t killed enough of them.\u201d How do you see these paradoxes?<\/strong><\/p>\n\n\n<div class=\"gb-container gb-container-b576a71d\"><div class=\"gb-inside-container\">\n<div class=\"gb-grid-wrapper gb-grid-wrapper-f951725b\">\n<div class=\"gb-grid-column gb-grid-column-2366c967\"><div class=\"gb-container gb-container-2366c967\"><div class=\"gb-inside-container\">\n\n<figure class=\"wp-block-image size-large\"><a href=\"https:\/\/www.archiwar.com\/\"><img loading=\"lazy\" decoding=\"async\" width=\"1024\" height=\"1024\" src=\"https:\/\/www.rwfund.org\/eng\/wp-content\/uploads\/sites\/2\/2021\/07\/archiwar-1-1024x1024.jpg\" alt=\"\" class=\"wp-image-14659\" srcset=\"https:\/\/www.rwfund.org\/eng\/wp-content\/uploads\/sites\/2\/2021\/07\/archiwar-1-1024x1024.jpg 1024w, https:\/\/www.rwfund.org\/eng\/wp-content\/uploads\/sites\/2\/2021\/07\/archiwar-1-300x300.jpg 300w, https:\/\/www.rwfund.org\/eng\/wp-content\/uploads\/sites\/2\/2021\/07\/archiwar-1-150x150.jpg 150w, https:\/\/www.rwfund.org\/eng\/wp-content\/uploads\/sites\/2\/2021\/07\/archiwar-1-768x768.jpg 768w, https:\/\/www.rwfund.org\/eng\/wp-content\/uploads\/sites\/2\/2021\/07\/archiwar-1-1536x1536.jpg 1536w, https:\/\/www.rwfund.org\/eng\/wp-content\/uploads\/sites\/2\/2021\/07\/archiwar-1-600x600.jpg 600w, https:\/\/www.rwfund.org\/eng\/wp-content\/uploads\/sites\/2\/2021\/07\/archiwar-1-100x100.jpg 100w, https:\/\/www.rwfund.org\/eng\/wp-content\/uploads\/sites\/2\/2021\/07\/archiwar-1.jpg 1920w\" sizes=\"auto, (max-width: 1024px) 100vw, 1024px\" \/><\/a><\/figure>\n\n<\/div><\/div><\/div>\n\n<div class=\"gb-grid-column gb-grid-column-2e5dcfe8\"><div class=\"gb-container gb-container-2e5dcfe8\"><div class=\"gb-inside-container\">\n\n<p>Let us see what is given and what is looked for \u2013 like in a process of solving a math problem. If the victims speak loudly through their characters on my drawings or on photographs from the archive completely speechless and if, on the other hand, some hopeless and lost people shout that the number of the genocide victims was supposed to be higher \u2013 here we conclude that the only life goal of those waking up and going to sleep with hatred is to reduce the number of lives of those waking up with happiness in their eyes because they are ruining the sense of life to them. If other people\u2019s freedom and happiness make you hate more, because those others are not the same as you in your freedom, then you should ask yourself who staged the world to you in a way making you valuate life through other people\u2019s fall into misery. <\/p>\n\n<\/div><\/div><\/div>\n<\/div>\n<\/div><\/div>\n\n\n<p>I can confirm that the solution to everything is empathy and talking. Even when the eyes you are looking at once were happy and alive, and now you know they are dead \u2013 it is good to know that it doesn\u2019t have to be like that for anyone again because everything is up to you and me.&nbsp;<\/p>\n\n\n\n<p><strong>4. \u201cI wish to find as much of them as I can. That\u2019s why I\u2019m looking for them, to bring&nbsp;<em>joy&nbsp;<\/em>to every mother to bury her son. To bury her husband.\u201d This is one of the striking authentic quotes, written on your drawing&nbsp;<em>The Bone Collector<\/em>, which is also a part of the exhibition. It is understandable that certain&nbsp;<em>joy&nbsp;<\/em>following these acts brings to a kind of \u201cclosure\u201d of individual tragedies emerging from the genocide. However, what is with the wider, systemic solutions and reconciliation? Exploring this recent past and living in a hypocritical socio-political reality that denies the genocide, how do you feel about the future? What has to happen in order to achieve true reconciliation?&nbsp;<\/strong><\/p>\n\n\n\n<p>The drawing depicts Ramiz Nuki\u0107, who, upon coming back to his birthplace, has found the remains of several hundreds of his fellow citizens in the woods surrounding his home. I cannot talk about the feelings of people burying their loved ones because I don\u2019t have the right to define that. I hope it gives them at least a bit of peace. Systemic solutions have to be given by a well-built system. And given that nothing is built well in Serbia, then there is nothing but what we as individuals are offering. I don\u2019t know why I would have to know the answer to how someone in official positions should behave and in what way to be exemplary. It creeps me out that Vu\u010di\u0107 is looking at the genocide anniversary as an attempt of assassinating him. That\u2019s miserable and he has contributed to it through his own stupidity. The future is gray with such people. And I hope it won\u2019t be black again. It has to be said what has happened, there has to be space for the voices of the victims and the survivors, the responsibility has to be accepted and there has to be an education of youth through multicultural programs and exchange for developing solidarity and friendships in the region. So it wouldn\u2019t happen again. They deserve happy lives.&nbsp;<\/p>\n\n\n\n<p><strong>5. Each year, the anniversary of the Srebrenica genocide is primarily marked by activists who were also a part of the anti-war movement in the 1990s and, by doing so, they are preserving the much-needed memory. Even with all of their decades-long efforts, the political climate at the moment is such that it gives an impression that true reconciliation is still abstract. And what do you think, is there a hope that currently young people and the upcoming generations will manage to overcome this possibly most hurtful point of the recent history in the region, to face it with dignity and openly humane? In what can we seek the base for such overcoming?&nbsp;<\/strong><\/p>\n\n\n\n<p>It is beautiful what individuals are doing for decades. That is how I also wanted to contribute to reconciliation and peace. It doesn\u2019t matter that it won\u2019t go fast \u2013 it is good to know that there are people who wholeheartedly know that they are on the right side of history. Bit by bit, even if it crumbles along the way. Peace is being built, people are aiming to be free and happy. There are young people who haven\u2019t experienced the war but its consequences. But they are interested in all of it and they want to develop. They can also travel more, they can get to know each other better. I am glad they have more opportunities. There is hope.&nbsp;<\/p>\n\n\n\n<p><em>The drawings of Jelena Ja\u0107imovi\u0107, along with the accompanying stories of remembering the Srebrenica genocide, are available at the&nbsp;<\/em><a href=\"https:\/\/www.archiwar.com\/\"><em><strong>ArchiWar<\/strong><\/em><\/a><em>&nbsp;website.<\/em><\/p>\n\n\n\n<p>Interview by<strong>&nbsp;Galina Maksimovi\u0107<\/strong><\/p>\n","protected":false},"excerpt":{"rendered":"<p>There is hope!<\/p>\n","protected":false},"author":1,"featured_media":14660,"comment_status":"closed","ping_status":"closed","sticky":false,"template":"","format":"standard","meta":{"_kad_blocks_custom_css":"","_kad_blocks_head_custom_js":"","_kad_blocks_body_custom_js":"","_kad_blocks_footer_custom_js":"","footnotes":""},"categories":[38,1],"tags":[],"class_list":["post-14663","post","type-post","status-publish","format-standard","has-post-thumbnail","hentry","category-focus-on-focus","category-news","infinite-scroll-item","no-featured-image-padding"],"yoast_head":"<!-- This site is optimized with the Yoast SEO plugin v27.5 - https:\/\/yoast.com\/product\/yoast-seo-wordpress\/ -->\n<title>Focus on Focus: Jelena Ja\u0107imovi\u0107 Ja\u0107im - ArchiWar - Reconstruction Women&#039;s Fund<\/title>\n<meta name=\"description\" content=\"Jelena Ja\u0107imovi\u0107 Ja\u0107im is an illustrator, designer and activist who, besides a recognizable visual style, actively nurtures articulated socio-political components in her work. In 2020, we had the pleasure of supporting ArchiWar, her project of documenting and personal artistic shaping of remembering genocide in Srebrenica.\" \/>\n<meta name=\"robots\" content=\"index, follow, max-snippet:-1, max-image-preview:large, max-video-preview:-1\" \/>\n<link rel=\"canonical\" href=\"https:\/\/www.rwfund.org\/eng\/2021\/07\/12\/focus-on-focus-jelena-jacimovic-jacim-archiwar\/\" \/>\n<meta property=\"og:locale\" content=\"en_US\" \/>\n<meta property=\"og:type\" content=\"article\" \/>\n<meta property=\"og:title\" content=\"Focus on Focus: Jelena Ja\u0107imovi\u0107 Ja\u0107im - ArchiWar - Reconstruction Women&#039;s Fund\" \/>\n<meta property=\"og:description\" content=\"Jelena Ja\u0107imovi\u0107 Ja\u0107im is an illustrator, designer and activist who, besides a recognizable visual style, actively nurtures articulated socio-political components in her work. In 2020, we had the pleasure of supporting ArchiWar, her project of documenting and personal artistic shaping of remembering genocide in Srebrenica.\" \/>\n<meta property=\"og:url\" content=\"https:\/\/www.rwfund.org\/eng\/2021\/07\/12\/focus-on-focus-jelena-jacimovic-jacim-archiwar\/\" \/>\n<meta property=\"og:site_name\" content=\"Reconstruction Women&#039;s Fund\" \/>\n<meta property=\"article:published_time\" content=\"2021-07-12T12:58:27+00:00\" \/>\n<meta property=\"article:modified_time\" content=\"2021-09-22T21:34:05+00:00\" \/>\n<meta property=\"og:image\" content=\"https:\/\/www.rwfund.org\/eng\/wp-content\/uploads\/sites\/2\/2021\/07\/jelena-archiwar-THUMB.jpg\" \/>\n\t<meta property=\"og:image:width\" content=\"800\" \/>\n\t<meta property=\"og:image:height\" content=\"800\" \/>\n\t<meta property=\"og:image:type\" content=\"image\/jpeg\" \/>\n<meta name=\"author\" content=\"Vlidi\" \/>\n<meta name=\"twitter:card\" content=\"summary_large_image\" \/>\n<meta name=\"twitter:label1\" content=\"Written by\" \/>\n\t<meta name=\"twitter:data1\" content=\"Vlidi\" \/>\n\t<meta name=\"twitter:label2\" content=\"Est. reading time\" \/>\n\t<meta name=\"twitter:data2\" content=\"7 minutes\" \/>\n<script type=\"application\/ld+json\" class=\"yoast-schema-graph\">{\"@context\":\"https:\\\/\\\/schema.org\",\"@graph\":[{\"@type\":\"Article\",\"@id\":\"https:\\\/\\\/www.rwfund.org\\\/eng\\\/2021\\\/07\\\/12\\\/focus-on-focus-jelena-jacimovic-jacim-archiwar\\\/#article\",\"isPartOf\":{\"@id\":\"https:\\\/\\\/www.rwfund.org\\\/eng\\\/2021\\\/07\\\/12\\\/focus-on-focus-jelena-jacimovic-jacim-archiwar\\\/\"},\"author\":{\"name\":\"Vlidi\",\"@id\":\"https:\\\/\\\/www.rwfund.org\\\/eng\\\/#\\\/schema\\\/person\\\/7f66cd314d22cafa159a33ddb347c266\"},\"headline\":\"Focus on Focus: Jelena Ja\u0107imovi\u0107 Ja\u0107im &#8211; ArchiWar\",\"datePublished\":\"2021-07-12T12:58:27+00:00\",\"dateModified\":\"2021-09-22T21:34:05+00:00\",\"mainEntityOfPage\":{\"@id\":\"https:\\\/\\\/www.rwfund.org\\\/eng\\\/2021\\\/07\\\/12\\\/focus-on-focus-jelena-jacimovic-jacim-archiwar\\\/\"},\"wordCount\":1538,\"publisher\":{\"@id\":\"https:\\\/\\\/www.rwfund.org\\\/eng\\\/#organization\"},\"image\":{\"@id\":\"https:\\\/\\\/www.rwfund.org\\\/eng\\\/2021\\\/07\\\/12\\\/focus-on-focus-jelena-jacimovic-jacim-archiwar\\\/#primaryimage\"},\"thumbnailUrl\":\"https:\\\/\\\/www.rwfund.org\\\/eng\\\/wp-content\\\/uploads\\\/sites\\\/2\\\/2021\\\/07\\\/jelena-archiwar-THUMB.jpg\",\"articleSection\":[\"Focus on Focus\",\"RWFund News\"],\"inLanguage\":\"en-US\"},{\"@type\":\"WebPage\",\"@id\":\"https:\\\/\\\/www.rwfund.org\\\/eng\\\/2021\\\/07\\\/12\\\/focus-on-focus-jelena-jacimovic-jacim-archiwar\\\/\",\"url\":\"https:\\\/\\\/www.rwfund.org\\\/eng\\\/2021\\\/07\\\/12\\\/focus-on-focus-jelena-jacimovic-jacim-archiwar\\\/\",\"name\":\"Focus on Focus: Jelena Ja\u0107imovi\u0107 Ja\u0107im - ArchiWar - Reconstruction Women&#039;s Fund\",\"isPartOf\":{\"@id\":\"https:\\\/\\\/www.rwfund.org\\\/eng\\\/#website\"},\"primaryImageOfPage\":{\"@id\":\"https:\\\/\\\/www.rwfund.org\\\/eng\\\/2021\\\/07\\\/12\\\/focus-on-focus-jelena-jacimovic-jacim-archiwar\\\/#primaryimage\"},\"image\":{\"@id\":\"https:\\\/\\\/www.rwfund.org\\\/eng\\\/2021\\\/07\\\/12\\\/focus-on-focus-jelena-jacimovic-jacim-archiwar\\\/#primaryimage\"},\"thumbnailUrl\":\"https:\\\/\\\/www.rwfund.org\\\/eng\\\/wp-content\\\/uploads\\\/sites\\\/2\\\/2021\\\/07\\\/jelena-archiwar-THUMB.jpg\",\"datePublished\":\"2021-07-12T12:58:27+00:00\",\"dateModified\":\"2021-09-22T21:34:05+00:00\",\"description\":\"Jelena Ja\u0107imovi\u0107 Ja\u0107im is an illustrator, designer and activist who, besides a recognizable visual style, actively nurtures articulated socio-political components in her work. In 2020, we had the pleasure of supporting ArchiWar, her project of documenting and personal artistic shaping of remembering genocide in Srebrenica.\",\"breadcrumb\":{\"@id\":\"https:\\\/\\\/www.rwfund.org\\\/eng\\\/2021\\\/07\\\/12\\\/focus-on-focus-jelena-jacimovic-jacim-archiwar\\\/#breadcrumb\"},\"inLanguage\":\"en-US\",\"potentialAction\":[{\"@type\":\"ReadAction\",\"target\":[\"https:\\\/\\\/www.rwfund.org\\\/eng\\\/2021\\\/07\\\/12\\\/focus-on-focus-jelena-jacimovic-jacim-archiwar\\\/\"]}]},{\"@type\":\"ImageObject\",\"inLanguage\":\"en-US\",\"@id\":\"https:\\\/\\\/www.rwfund.org\\\/eng\\\/2021\\\/07\\\/12\\\/focus-on-focus-jelena-jacimovic-jacim-archiwar\\\/#primaryimage\",\"url\":\"https:\\\/\\\/www.rwfund.org\\\/eng\\\/wp-content\\\/uploads\\\/sites\\\/2\\\/2021\\\/07\\\/jelena-archiwar-THUMB.jpg\",\"contentUrl\":\"https:\\\/\\\/www.rwfund.org\\\/eng\\\/wp-content\\\/uploads\\\/sites\\\/2\\\/2021\\\/07\\\/jelena-archiwar-THUMB.jpg\",\"width\":800,\"height\":800},{\"@type\":\"BreadcrumbList\",\"@id\":\"https:\\\/\\\/www.rwfund.org\\\/eng\\\/2021\\\/07\\\/12\\\/focus-on-focus-jelena-jacimovic-jacim-archiwar\\\/#breadcrumb\",\"itemListElement\":[{\"@type\":\"ListItem\",\"position\":1,\"name\":\"Home\",\"item\":\"https:\\\/\\\/www.rwfund.org\\\/eng\\\/\"},{\"@type\":\"ListItem\",\"position\":2,\"name\":\"Focus on Focus: Jelena Ja\u0107imovi\u0107 Ja\u0107im &#8211; ArchiWar\"}]},{\"@type\":\"WebSite\",\"@id\":\"https:\\\/\\\/www.rwfund.org\\\/eng\\\/#website\",\"url\":\"https:\\\/\\\/www.rwfund.org\\\/eng\\\/\",\"name\":\"Reconstruction Women&#039;s Fund\",\"description\":\"Reconstruction Women&#039;s Fund\",\"publisher\":{\"@id\":\"https:\\\/\\\/www.rwfund.org\\\/eng\\\/#organization\"},\"potentialAction\":[{\"@type\":\"SearchAction\",\"target\":{\"@type\":\"EntryPoint\",\"urlTemplate\":\"https:\\\/\\\/www.rwfund.org\\\/eng\\\/?s={search_term_string}\"},\"query-input\":{\"@type\":\"PropertyValueSpecification\",\"valueRequired\":true,\"valueName\":\"search_term_string\"}}],\"inLanguage\":\"en-US\"},{\"@type\":\"Organization\",\"@id\":\"https:\\\/\\\/www.rwfund.org\\\/eng\\\/#organization\",\"name\":\"Reconstruction Women's Fund\",\"url\":\"https:\\\/\\\/www.rwfund.org\\\/eng\\\/\",\"logo\":{\"@type\":\"ImageObject\",\"inLanguage\":\"en-US\",\"@id\":\"https:\\\/\\\/www.rwfund.org\\\/eng\\\/#\\\/schema\\\/logo\\\/image\\\/\",\"url\":\"https:\\\/\\\/www.rwfund.org\\\/eng\\\/wp-content\\\/uploads\\\/sites\\\/2\\\/2021\\\/03\\\/LOGO-CROP_V1.svg\",\"contentUrl\":\"https:\\\/\\\/www.rwfund.org\\\/eng\\\/wp-content\\\/uploads\\\/sites\\\/2\\\/2021\\\/03\\\/LOGO-CROP_V1.svg\",\"width\":420,\"height\":640,\"caption\":\"Reconstruction Women's Fund\"},\"image\":{\"@id\":\"https:\\\/\\\/www.rwfund.org\\\/eng\\\/#\\\/schema\\\/logo\\\/image\\\/\"}},{\"@type\":\"Person\",\"@id\":\"https:\\\/\\\/www.rwfund.org\\\/eng\\\/#\\\/schema\\\/person\\\/7f66cd314d22cafa159a33ddb347c266\",\"name\":\"Vlidi\",\"image\":{\"@type\":\"ImageObject\",\"inLanguage\":\"en-US\",\"@id\":\"https:\\\/\\\/secure.gravatar.com\\\/avatar\\\/ee1eae505fb8c4df5bdca89b166fd0a1953295104c5070b16558f93b0e4932af?s=96&d=mm&r=g\",\"url\":\"https:\\\/\\\/secure.gravatar.com\\\/avatar\\\/ee1eae505fb8c4df5bdca89b166fd0a1953295104c5070b16558f93b0e4932af?s=96&d=mm&r=g\",\"contentUrl\":\"https:\\\/\\\/secure.gravatar.com\\\/avatar\\\/ee1eae505fb8c4df5bdca89b166fd0a1953295104c5070b16558f93b0e4932af?s=96&d=mm&r=g\",\"caption\":\"Vlidi\"},\"url\":\"https:\\\/\\\/www.rwfund.org\\\/eng\\\/author\\\/testadmin\\\/\"}]}<\/script>\n<!-- \/ Yoast SEO plugin. -->","yoast_head_json":{"title":"Focus on Focus: Jelena Ja\u0107imovi\u0107 Ja\u0107im - ArchiWar - Reconstruction Women&#039;s Fund","description":"Jelena Ja\u0107imovi\u0107 Ja\u0107im is an illustrator, designer and activist who, besides a recognizable visual style, actively nurtures articulated socio-political components in her work. In 2020, we had the pleasure of supporting ArchiWar, her project of documenting and personal artistic shaping of remembering genocide in Srebrenica.","robots":{"index":"index","follow":"follow","max-snippet":"max-snippet:-1","max-image-preview":"max-image-preview:large","max-video-preview":"max-video-preview:-1"},"canonical":"https:\/\/www.rwfund.org\/eng\/2021\/07\/12\/focus-on-focus-jelena-jacimovic-jacim-archiwar\/","og_locale":"en_US","og_type":"article","og_title":"Focus on Focus: Jelena Ja\u0107imovi\u0107 Ja\u0107im - ArchiWar - Reconstruction Women&#039;s Fund","og_description":"Jelena Ja\u0107imovi\u0107 Ja\u0107im is an illustrator, designer and activist who, besides a recognizable visual style, actively nurtures articulated socio-political components in her work. In 2020, we had the pleasure of supporting ArchiWar, her project of documenting and personal artistic shaping of remembering genocide in Srebrenica.","og_url":"https:\/\/www.rwfund.org\/eng\/2021\/07\/12\/focus-on-focus-jelena-jacimovic-jacim-archiwar\/","og_site_name":"Reconstruction Women&#039;s Fund","article_published_time":"2021-07-12T12:58:27+00:00","article_modified_time":"2021-09-22T21:34:05+00:00","og_image":[{"width":800,"height":800,"url":"https:\/\/www.rwfund.org\/eng\/wp-content\/uploads\/sites\/2\/2021\/07\/jelena-archiwar-THUMB.jpg","type":"image\/jpeg"}],"author":"Vlidi","twitter_card":"summary_large_image","twitter_misc":{"Written by":"Vlidi","Est. reading time":"7 minutes"},"schema":{"@context":"https:\/\/schema.org","@graph":[{"@type":"Article","@id":"https:\/\/www.rwfund.org\/eng\/2021\/07\/12\/focus-on-focus-jelena-jacimovic-jacim-archiwar\/#article","isPartOf":{"@id":"https:\/\/www.rwfund.org\/eng\/2021\/07\/12\/focus-on-focus-jelena-jacimovic-jacim-archiwar\/"},"author":{"name":"Vlidi","@id":"https:\/\/www.rwfund.org\/eng\/#\/schema\/person\/7f66cd314d22cafa159a33ddb347c266"},"headline":"Focus on Focus: Jelena Ja\u0107imovi\u0107 Ja\u0107im &#8211; ArchiWar","datePublished":"2021-07-12T12:58:27+00:00","dateModified":"2021-09-22T21:34:05+00:00","mainEntityOfPage":{"@id":"https:\/\/www.rwfund.org\/eng\/2021\/07\/12\/focus-on-focus-jelena-jacimovic-jacim-archiwar\/"},"wordCount":1538,"publisher":{"@id":"https:\/\/www.rwfund.org\/eng\/#organization"},"image":{"@id":"https:\/\/www.rwfund.org\/eng\/2021\/07\/12\/focus-on-focus-jelena-jacimovic-jacim-archiwar\/#primaryimage"},"thumbnailUrl":"https:\/\/www.rwfund.org\/eng\/wp-content\/uploads\/sites\/2\/2021\/07\/jelena-archiwar-THUMB.jpg","articleSection":["Focus on Focus","RWFund News"],"inLanguage":"en-US"},{"@type":"WebPage","@id":"https:\/\/www.rwfund.org\/eng\/2021\/07\/12\/focus-on-focus-jelena-jacimovic-jacim-archiwar\/","url":"https:\/\/www.rwfund.org\/eng\/2021\/07\/12\/focus-on-focus-jelena-jacimovic-jacim-archiwar\/","name":"Focus on Focus: Jelena Ja\u0107imovi\u0107 Ja\u0107im - ArchiWar - Reconstruction Women&#039;s Fund","isPartOf":{"@id":"https:\/\/www.rwfund.org\/eng\/#website"},"primaryImageOfPage":{"@id":"https:\/\/www.rwfund.org\/eng\/2021\/07\/12\/focus-on-focus-jelena-jacimovic-jacim-archiwar\/#primaryimage"},"image":{"@id":"https:\/\/www.rwfund.org\/eng\/2021\/07\/12\/focus-on-focus-jelena-jacimovic-jacim-archiwar\/#primaryimage"},"thumbnailUrl":"https:\/\/www.rwfund.org\/eng\/wp-content\/uploads\/sites\/2\/2021\/07\/jelena-archiwar-THUMB.jpg","datePublished":"2021-07-12T12:58:27+00:00","dateModified":"2021-09-22T21:34:05+00:00","description":"Jelena Ja\u0107imovi\u0107 Ja\u0107im is an illustrator, designer and activist who, besides a recognizable visual style, actively nurtures articulated socio-political components in her work. In 2020, we had the pleasure of supporting ArchiWar, her project of documenting and personal artistic shaping of remembering genocide in Srebrenica.","breadcrumb":{"@id":"https:\/\/www.rwfund.org\/eng\/2021\/07\/12\/focus-on-focus-jelena-jacimovic-jacim-archiwar\/#breadcrumb"},"inLanguage":"en-US","potentialAction":[{"@type":"ReadAction","target":["https:\/\/www.rwfund.org\/eng\/2021\/07\/12\/focus-on-focus-jelena-jacimovic-jacim-archiwar\/"]}]},{"@type":"ImageObject","inLanguage":"en-US","@id":"https:\/\/www.rwfund.org\/eng\/2021\/07\/12\/focus-on-focus-jelena-jacimovic-jacim-archiwar\/#primaryimage","url":"https:\/\/www.rwfund.org\/eng\/wp-content\/uploads\/sites\/2\/2021\/07\/jelena-archiwar-THUMB.jpg","contentUrl":"https:\/\/www.rwfund.org\/eng\/wp-content\/uploads\/sites\/2\/2021\/07\/jelena-archiwar-THUMB.jpg","width":800,"height":800},{"@type":"BreadcrumbList","@id":"https:\/\/www.rwfund.org\/eng\/2021\/07\/12\/focus-on-focus-jelena-jacimovic-jacim-archiwar\/#breadcrumb","itemListElement":[{"@type":"ListItem","position":1,"name":"Home","item":"https:\/\/www.rwfund.org\/eng\/"},{"@type":"ListItem","position":2,"name":"Focus on Focus: Jelena Ja\u0107imovi\u0107 Ja\u0107im &#8211; ArchiWar"}]},{"@type":"WebSite","@id":"https:\/\/www.rwfund.org\/eng\/#website","url":"https:\/\/www.rwfund.org\/eng\/","name":"Reconstruction Women&#039;s Fund","description":"Reconstruction Women&#039;s Fund","publisher":{"@id":"https:\/\/www.rwfund.org\/eng\/#organization"},"potentialAction":[{"@type":"SearchAction","target":{"@type":"EntryPoint","urlTemplate":"https:\/\/www.rwfund.org\/eng\/?s={search_term_string}"},"query-input":{"@type":"PropertyValueSpecification","valueRequired":true,"valueName":"search_term_string"}}],"inLanguage":"en-US"},{"@type":"Organization","@id":"https:\/\/www.rwfund.org\/eng\/#organization","name":"Reconstruction Women's Fund","url":"https:\/\/www.rwfund.org\/eng\/","logo":{"@type":"ImageObject","inLanguage":"en-US","@id":"https:\/\/www.rwfund.org\/eng\/#\/schema\/logo\/image\/","url":"https:\/\/www.rwfund.org\/eng\/wp-content\/uploads\/sites\/2\/2021\/03\/LOGO-CROP_V1.svg","contentUrl":"https:\/\/www.rwfund.org\/eng\/wp-content\/uploads\/sites\/2\/2021\/03\/LOGO-CROP_V1.svg","width":420,"height":640,"caption":"Reconstruction Women's Fund"},"image":{"@id":"https:\/\/www.rwfund.org\/eng\/#\/schema\/logo\/image\/"}},{"@type":"Person","@id":"https:\/\/www.rwfund.org\/eng\/#\/schema\/person\/7f66cd314d22cafa159a33ddb347c266","name":"Vlidi","image":{"@type":"ImageObject","inLanguage":"en-US","@id":"https:\/\/secure.gravatar.com\/avatar\/ee1eae505fb8c4df5bdca89b166fd0a1953295104c5070b16558f93b0e4932af?s=96&d=mm&r=g","url":"https:\/\/secure.gravatar.com\/avatar\/ee1eae505fb8c4df5bdca89b166fd0a1953295104c5070b16558f93b0e4932af?s=96&d=mm&r=g","contentUrl":"https:\/\/secure.gravatar.com\/avatar\/ee1eae505fb8c4df5bdca89b166fd0a1953295104c5070b16558f93b0e4932af?s=96&d=mm&r=g","caption":"Vlidi"},"url":"https:\/\/www.rwfund.org\/eng\/author\/testadmin\/"}]}},"taxonomy_info":{"category":[{"value":38,"label":"Focus on Focus"},{"value":1,"label":"RWFund News"}]},"featured_image_src_large":["https:\/\/www.rwfund.org\/eng\/wp-content\/uploads\/sites\/2\/2021\/07\/jelena-archiwar-THUMB.jpg",800,800,false],"author_info":{"display_name":"Vlidi","author_link":"https:\/\/www.rwfund.org\/eng\/author\/testadmin\/"},"comment_info":0,"category_info":[{"term_id":38,"name":"Focus on Focus","slug":"focus-on-focus","term_group":0,"term_taxonomy_id":38,"taxonomy":"category","description":"","parent":0,"count":10,"filter":"raw","cat_ID":38,"category_count":10,"category_description":"","cat_name":"Focus on Focus","category_nicename":"focus-on-focus","category_parent":0},{"term_id":1,"name":"RWFund News","slug":"news","term_group":0,"term_taxonomy_id":1,"taxonomy":"category","description":"","parent":0,"count":184,"filter":"raw","cat_ID":1,"category_count":184,"category_description":"","cat_name":"RWFund News","category_nicename":"news","category_parent":0}],"tag_info":false,"_links":{"self":[{"href":"https:\/\/www.rwfund.org\/eng\/wp-json\/wp\/v2\/posts\/14663","targetHints":{"allow":["GET"]}}],"collection":[{"href":"https:\/\/www.rwfund.org\/eng\/wp-json\/wp\/v2\/posts"}],"about":[{"href":"https:\/\/www.rwfund.org\/eng\/wp-json\/wp\/v2\/types\/post"}],"author":[{"embeddable":true,"href":"https:\/\/www.rwfund.org\/eng\/wp-json\/wp\/v2\/users\/1"}],"replies":[{"embeddable":true,"href":"https:\/\/www.rwfund.org\/eng\/wp-json\/wp\/v2\/comments?post=14663"}],"version-history":[{"count":4,"href":"https:\/\/www.rwfund.org\/eng\/wp-json\/wp\/v2\/posts\/14663\/revisions"}],"predecessor-version":[{"id":14787,"href":"https:\/\/www.rwfund.org\/eng\/wp-json\/wp\/v2\/posts\/14663\/revisions\/14787"}],"wp:featuredmedia":[{"embeddable":true,"href":"https:\/\/www.rwfund.org\/eng\/wp-json\/wp\/v2\/media\/14660"}],"wp:attachment":[{"href":"https:\/\/www.rwfund.org\/eng\/wp-json\/wp\/v2\/media?parent=14663"}],"wp:term":[{"taxonomy":"category","embeddable":true,"href":"https:\/\/www.rwfund.org\/eng\/wp-json\/wp\/v2\/categories?post=14663"},{"taxonomy":"post_tag","embeddable":true,"href":"https:\/\/www.rwfund.org\/eng\/wp-json\/wp\/v2\/tags?post=14663"}],"curies":[{"name":"wp","href":"https:\/\/api.w.org\/{rel}","templated":true}]}}