{"id":16530,"date":"2024-06-18T19:59:50","date_gmt":"2024-06-18T17:59:50","guid":{"rendered":"https:\/\/www.rwfund.org\/eng\/?p=16530"},"modified":"2024-06-18T19:59:52","modified_gmt":"2024-06-18T17:59:52","slug":"interview-with-the-founders-svenka-savic","status":"publish","type":"post","link":"https:\/\/www.rwfund.org\/eng\/2024\/06\/18\/interview-with-the-founders-svenka-savic\/","title":{"rendered":"Interview with the founders: Svenka Savi\u0107"},"content":{"rendered":"\n<figure class=\"wp-block-image size-full\"><a href=\"https:\/\/www.rwfund.org\/eng\/wp-content\/uploads\/sites\/2\/2024\/06\/Svenka-Savic\u0301-foto-Miodrag-Miki-Trajkovic\u0301.jpg\"><img loading=\"lazy\" decoding=\"async\" width=\"935\" height=\"581\" src=\"https:\/\/www.rwfund.org\/eng\/wp-content\/uploads\/sites\/2\/2024\/06\/Svenka-Savic\u0301-foto-Miodrag-Miki-Trajkovic\u0301.jpg\" alt=\"Svenka Savi\u0107, photo Miodrag Miki Trajkovi\u0107\" class=\"wp-image-16531\" srcset=\"https:\/\/www.rwfund.org\/eng\/wp-content\/uploads\/sites\/2\/2024\/06\/Svenka-Savic\u0301-foto-Miodrag-Miki-Trajkovic\u0301.jpg 935w, https:\/\/www.rwfund.org\/eng\/wp-content\/uploads\/sites\/2\/2024\/06\/Svenka-Savic\u0301-foto-Miodrag-Miki-Trajkovic\u0301-300x186.jpg 300w, https:\/\/www.rwfund.org\/eng\/wp-content\/uploads\/sites\/2\/2024\/06\/Svenka-Savic\u0301-foto-Miodrag-Miki-Trajkovic\u0301-768x477.jpg 768w, https:\/\/www.rwfund.org\/eng\/wp-content\/uploads\/sites\/2\/2024\/06\/Svenka-Savic\u0301-foto-Miodrag-Miki-Trajkovic\u0301-600x373.jpg 600w\" sizes=\"auto, (max-width: 935px) 100vw, 935px\" \/><\/a><figcaption>Svenka Savi\u0107, photo Miodrag Miki Trajkovi\u0107<\/figcaption><\/figure>\n\n\n\n<p>We continue celebrating <a href=\"https:\/\/www.rwfund.org\/eng\/category\/news\/20-years\/\"><strong>20 years of Reconstruction<\/strong><\/a> with a conversation with the founders! Read the interview below with <strong>Svenka Savi\u0107<\/strong>, a linguist, Professor Emerita at the University of Novi Sad, and retired professor of psycholinguistics at the Faculty of Philosophy in Novi Sad.<\/p>\n\n\n\n<!--more-->\n\n\n\n<p><strong>Why was Reconstruction founded, and why was it important to establish it at that time?<\/strong><\/p>\n\n\n\n<p>The Open Society Foundation had offices in Belgrade since 1992 and in Novi Sad since 1993. In both cities, the Foundation supported projects focused on the needs and visibility of women. At the &#8220;Women&#8217;s Studies and Research&#8221; association, we successfully collaborated with the Foundation and with the Center for Women&#8217;s Studies in Belgrade for 10 years. However, in the next decade, at the beginning of the 21st century, the Foundation discontinued some of its programs, arguing that good results had been achieved through the efforts of the non-governmental sector and that Serbian institutions should now take over some of these tasks.<\/p>\n\n\n\n<p>At the University of Novi Sad, during the tenure of Rector Fuada Stankovi\u0107, in February 2002, we organized an international conference on the introduction of women&#8217;s\/gender studies into the educational system at UNS &#8211; funded by the Open Society Foundation. The conclusion was to establish the Center for Gender Studies for the 2003-2004 school year as an accredited program, initially for specialist and master&#8217;s studies, and the following year for master&#8217;s and doctoral studies. It was necessary to design and secure scholarships for studies and the completion of the final thesis for this type of educational program.<\/p>\n\n\n\n<p>Since knowledge from women&#8217;s and gender studies was not produced anywhere in undergraduate studies at the time, meaning the entire program was innovative (not just in Serbia), it was clear that scholarships would not be awarded within institutions for this new type of studies. Slavica Stojanovi\u0107, who worked on women&#8217;s programs at the Foundation and had all the relevant information on how it was done worldwide, suggested that several of our NGOs, which had long collaborated with the Foundation, unite to establish a new foundation. Therefore, Women in Black (Sta\u0161a Zajovi\u0107), Women&#8217;s Studies and Research (Svenka Savi\u0107) and the Open Society Foundation (Jadranka Jelin\u010di\u0107), got together as founders of the Reconstruction Women&#8217;s Fund. All the documentation for registration was prepared by Slavica Stojanovi\u0107 with her newly formed team. One of the goals was to provide financial (and other) assistance to female students in the higher education program of women&#8217;s and gender studies, then mostly active in Belgrade and Novi Sad.<\/p>\n\n\n\n<p>Ever since 2004, for over 20 years already, female students have received support for postgraduate studies: master&#8217;s, specialist, and doctoral studies \u2013 a total of about 100 women have had the chance to be educated in this program. It involves financial assistance for tuition and\/or the defense of the thesis. These funds were deposited into the UNS account and used to finance the educational program. In other words, over 20 years, RWF has financially supported this program for female students in a state institution. I emphasize this because it has been a common understanding for years that the University of Novi Sad made a significant step&#8230; but in reality, it just opened the door for something that we activists in the academic community further implemented with the financial support of RWF (and some other alternative foundations sporadically).<\/p>\n\n\n\n<p>Today, one of the basic assessments might be: How much has this type of support contributed to the current state of knowledge in the women&#8217;s movement in our country and the region, especially in various fields of science, arts, and education? A comprehensive assessment of such a contribution is still to come, but it is certainly significant: most of today&#8217;s female academics with a degree in gender studies work in positions where such knowledge is needed and useful.<\/p>\n\n\n\n<p>We can state that most of the doctoral theses defended at the Center for Gender Studies at UNS in Novi Sad have been published, and some are even included in the educational program. Those who have obtained a doctoral degree in gender studies in Novi Sad are today among the leaders of the women&#8217;s movement: Jelisaveta Blagojevi\u0107, Gordana Stojakovi\u0107, Jelena Vi\u0161nji\u0107, Silvia Dra\u017ei\u0107, Jelena Stefanovi\u0107, Smiljana Milinkov, Ervina Dabid\u017einovi\u0107, Iskra Vuksanovi\u0107, Slavca Deni\u0107\u2026 of course, the list is much longer and also includes those who have not used the financial support of R\u017dF but have earned a doctoral degree in gender studies (Margareta Ba\u0161aragin, Dragana Pejovi\u0107, Sanja Koji\u0107 Mladenov, Zorana Antonijevi\u0107, etc.).<\/p>\n\n\n\n<p>The list of female students who have received financial support for master&#8217;s and specialist studies is even longer. The value of investing in education for gender issues is immeasurable&#8230;<\/p>\n\n\n\n<p><strong>Regarding that, what is the role of women&#8217;s funds in general, and especially in societies that are going through a crisis\/trauma or trying to face them?<\/strong><\/p>\n\n\n\n<p>Perhaps I should first answer the second part of the question, &#8220;especially in societies that are going through a crisis\/trauma or trying to face them.&#8221; Indeed, ever since the Fund was founded, Serbia has been in a crisis situation. And it works in two directions. The first relates to the affirmation of the ideology of gender studies (precisely, women&#8217;s NGOs are represented in the public as insufficiently patriotic organizations, pro-Western oriented), and on the other hand, it relates to the quality of the work done \u2013 everything we do within NGOs is not of sufficient quality, it is belittled in public space.<\/p>\n\n\n\n<p><strong>What was the role of RWF then, and what is it today?<\/strong><\/p>\n\n\n\n<p>I think there is a constant when it comes to the role, and then we can differentiate the domains in which it manifests. The role of RWF has been to maintain a firm course of democratic, anti-fascist, anti-war, uncompromising action against nationalism, an anti-dogmatic approach to humanistic endeavors \u2013 to make our world better. That&#8217;s why some people are highlighted as good models: the sociologist \u017darana Papi\u0107, after whom the stipend program was named. What we need to maintain is the memory of our comrades on these issues who are no longer with us. Because the number of such comrades is not small anymore. I think now, rightly, more programs are focused on youth or teenagers, which was not the case initially.<\/p>\n\n\n\n<p><strong>Why was it important for RWF to define itself from the beginning as a fund against war, nationalism, militarism, etc.?<\/strong><\/p>\n\n\n\n<p>Not only was it important, but it remains important today as well! Because war was the dominant direction in the broader social atmosphere in the country when it was formed (and remained so to this day). Rattling of weapons is not unknown in the Balkans and Serbia, always with tremendous consequences; therefore, it is important to insist on anti-war themes over a long period, on people who promote such a stance, on printing books, and other types of information with the same orientation. Knowledge against war is the basis of the RWF program. Moreover, it is so easy to create conflict&nbsp; within a multinational, multi-confessional society, as it is in Serbia today, and has been before, too. It has been so difficult to build coexistence for the long term, both now and earlier. Our neighbors are the closest to us, regardless of their nations, religions&#8230; Our neighbors are our closest&#8230;<\/p>\n\n\n\n<p><strong>Why was it personally important for you to be part of this process, and what would you highlight as the most significant achievements of RWF over these 20 years?<\/strong><\/p>\n\n\n\n<p>First, because within my academic career, I did not have the opportunity to realize such ideas, as the Department of Serbian Language at the Faculty of Philosophy in Novi Sad, where I spent my professional life, is focused mainly on students of one national community. Innovations are hard to pass. I have not followed all the projects in the last decade at RWF when there were more festival-type events, spreading knowledge horizontally. It was important for me to be part of this process because there was a direct relationship between what happens in the academic community and the opportunity to implement it in practice. For example, the theoretical approach to gender-sensitive language.<\/p>\n\n\n\n<p>There is a lot of accumulated effect of RWF in various domains; I have followed the one related to gender studies. What is necessary is to gather in one place all this knowledge and skills, socializing, encouragements&#8230; so that the future will remember us&#8230;<\/p>\n\n\n\n<p>RWF is an organization that connects us (keeps us in constant connection) from the past to the future.<\/p>\n\n\n\n<p><\/p>\n\n\n<div class=\"gb-container gb-container-706926ab\" id=\"Section-20\">\n<div class=\"gb-container gb-container-14b3d819\">\n<div class=\"gb-grid-wrapper gb-grid-wrapper-cb297f15\">\n<div class=\"gb-grid-column gb-grid-column-f69fbb41\"><div class=\"gb-container gb-container-f69fbb41\">\n\n<h2 class=\"gb-headline gb-headline-f079fabf gb-headline-text\">2<\/h2>\n\n<\/div><\/div>\n\n<div class=\"gb-grid-column gb-grid-column-2783ba1a\"><div class=\"gb-container gb-container-2783ba1a\">\n\n<figure class=\"gb-block-image gb-block-image-5229c0f9\"><a href=\"https:\/\/www.rwfund.org\/eng\/about-us\/reconstruction-womens-fund-20-years\"><img decoding=\"async\" class=\"gb-image gb-image-5229c0f9 nf-20-home\" src=\"https:\/\/www.rwfund.org\/wp-content\/uploads\/2024\/05\/LOGO-STAMP-no-frame.jpg\" alt=\"\" title=\"LOGO STAMP no frame\"\/><\/a><\/figure>\n\n<\/div><\/div>\n<\/div>\n<\/div>\n\n<div class=\"gb-container gb-container-1f98ed0f\"><div class=\"gb-inside-container\">\n\n<h3 class=\"gb-headline gb-headline-907b8d7b gb-headline-text\">Take a look at some important moments of the 20 years of Reconstruction Women&#8217;s fund!<\/h3>\n\n<\/div><\/div>\n<div class=\"gb-shapes\"><div class=\"gb-shape gb-shape-1\"><svg xmlns=\"http:\/\/www.w3.org\/2000\/svg\" viewBox=\"0 0 1200 230.8\" preserveAspectRatio=\"none\"><path d=\"M1200 179.5l-22.2-26.7c-22.2-26.7-66.9-80-111.1-75.6-44.4 4.8-89.2 66.4-133.3 102.2-44.4 35.8-89.2 44.2-133.3 8.9-44.4-35.6-89.2-115.6-133.3-155.6-44.4-40-89.2-40-133.3-17.8C488.9 37 444.2 82 400 81.7c-44.4.2-89.2-44.8-133.3-57.8-44.4-13.6-89.2 4.8-133.3 26.7-44.5 22.2-89.2 48.9-110.9 62.2L0 126.1v104.7H1199.7l.3-51.3z\"\/><\/svg><\/div><div class=\"gb-shape gb-shape-2\"><svg xmlns=\"http:\/\/www.w3.org\/2000\/svg\" viewBox=\"0 0 1200 230.8\" preserveAspectRatio=\"none\"><path d=\"M1200 179.5l-22.2-26.7c-22.2-26.7-66.9-80-111.1-75.6-44.4 4.8-89.2 66.4-133.3 102.2-44.4 35.8-89.2 44.2-133.3 8.9-44.4-35.6-89.2-115.6-133.3-155.6-44.4-40-89.2-40-133.3-17.8C488.9 37 444.2 82 400 81.7c-44.4.2-89.2-44.8-133.3-57.8-44.4-13.6-89.2 4.8-133.3 26.7-44.5 22.2-89.2 48.9-110.9 62.2L0 126.1v104.7H1199.7l.3-51.3z\"\/><\/svg><\/div><\/div><\/div>\n\n\n<p><\/p>\n","protected":false},"excerpt":{"rendered":"<p>We continue celebrating 20 years of Reconstruction with a conversation with the founders! Read the interview below with Svenka Savi\u0107, a linguist, Professor Emerita at the University of Novi Sad, and retired professor of psycholinguistics at the Faculty of Philosophy in Novi Sad.<\/p>\n","protected":false},"author":1,"featured_media":16532,"comment_status":"closed","ping_status":"closed","sticky":false,"template":"","format":"standard","meta":{"_kad_blocks_custom_css":"","_kad_blocks_head_custom_js":"","_kad_blocks_body_custom_js":"","_kad_blocks_footer_custom_js":"","footnotes":""},"categories":[41,1],"tags":[],"class_list":["post-16530","post","type-post","status-publish","format-standard","has-post-thumbnail","hentry","category-20-years","category-news","infinite-scroll-item","no-featured-image-padding"],"yoast_head":"<!-- This site is optimized with the Yoast SEO plugin v27.5 - https:\/\/yoast.com\/product\/yoast-seo-wordpress\/ -->\n<title>Interview with the founders: Svenka Savi\u0107 - Reconstruction Women&#039;s Fund<\/title>\n<meta name=\"description\" content=\"We continue celebrating 20 years of Reconstruction with a conversation with the founders! Read the interview below with Svenka Savi\u0107, a linguist, Professor Emerita at the University of Novi Sad, and retired professor of psycholinguistics at the Faculty of Philosophy in Novi Sad.\" \/>\n<meta name=\"robots\" content=\"index, follow, max-snippet:-1, max-image-preview:large, max-video-preview:-1\" \/>\n<link rel=\"canonical\" href=\"https:\/\/www.rwfund.org\/eng\/2024\/06\/18\/interview-with-the-founders-svenka-savic\/\" \/>\n<meta property=\"og:locale\" content=\"en_US\" \/>\n<meta property=\"og:type\" content=\"article\" \/>\n<meta property=\"og:title\" content=\"Interview with the founders: Svenka Savi\u0107 - Reconstruction Women&#039;s Fund\" \/>\n<meta property=\"og:description\" content=\"We continue celebrating 20 years of Reconstruction with a conversation with the founders! Read the interview below with Svenka Savi\u0107, a linguist, Professor Emerita at the University of Novi Sad, and retired professor of psycholinguistics at the Faculty of Philosophy in Novi Sad.\" \/>\n<meta property=\"og:url\" content=\"https:\/\/www.rwfund.org\/eng\/2024\/06\/18\/interview-with-the-founders-svenka-savic\/\" \/>\n<meta property=\"og:site_name\" content=\"Reconstruction Women&#039;s Fund\" \/>\n<meta property=\"article:published_time\" content=\"2024-06-18T17:59:50+00:00\" \/>\n<meta property=\"article:modified_time\" content=\"2024-06-18T17:59:52+00:00\" \/>\n<meta property=\"og:image\" content=\"https:\/\/www.rwfund.org\/eng\/wp-content\/uploads\/sites\/2\/2024\/06\/Svenka-Savic\u0301-foto-Miodrag-Miki-Trajkovic\u0301-THUMB.jpg\" \/>\n\t<meta property=\"og:image:width\" content=\"581\" \/>\n\t<meta property=\"og:image:height\" content=\"579\" \/>\n\t<meta property=\"og:image:type\" content=\"image\/jpeg\" \/>\n<meta name=\"author\" content=\"Vlidi\" \/>\n<meta name=\"twitter:card\" content=\"summary_large_image\" \/>\n<meta name=\"twitter:label1\" content=\"Written by\" \/>\n\t<meta name=\"twitter:data1\" content=\"Vlidi\" \/>\n\t<meta name=\"twitter:label2\" content=\"Est. reading time\" \/>\n\t<meta name=\"twitter:data2\" content=\"7 minutes\" \/>\n<script type=\"application\/ld+json\" class=\"yoast-schema-graph\">{\"@context\":\"https:\\\/\\\/schema.org\",\"@graph\":[{\"@type\":\"Article\",\"@id\":\"https:\\\/\\\/www.rwfund.org\\\/eng\\\/2024\\\/06\\\/18\\\/interview-with-the-founders-svenka-savic\\\/#article\",\"isPartOf\":{\"@id\":\"https:\\\/\\\/www.rwfund.org\\\/eng\\\/2024\\\/06\\\/18\\\/interview-with-the-founders-svenka-savic\\\/\"},\"author\":{\"name\":\"Vlidi\",\"@id\":\"https:\\\/\\\/www.rwfund.org\\\/eng\\\/#\\\/schema\\\/person\\\/7f66cd314d22cafa159a33ddb347c266\"},\"headline\":\"Interview with the founders: Svenka Savi\u0107\",\"datePublished\":\"2024-06-18T17:59:50+00:00\",\"dateModified\":\"2024-06-18T17:59:52+00:00\",\"mainEntityOfPage\":{\"@id\":\"https:\\\/\\\/www.rwfund.org\\\/eng\\\/2024\\\/06\\\/18\\\/interview-with-the-founders-svenka-savic\\\/\"},\"wordCount\":1451,\"publisher\":{\"@id\":\"https:\\\/\\\/www.rwfund.org\\\/eng\\\/#organization\"},\"image\":{\"@id\":\"https:\\\/\\\/www.rwfund.org\\\/eng\\\/2024\\\/06\\\/18\\\/interview-with-the-founders-svenka-savic\\\/#primaryimage\"},\"thumbnailUrl\":\"https:\\\/\\\/www.rwfund.org\\\/eng\\\/wp-content\\\/uploads\\\/sites\\\/2\\\/2024\\\/06\\\/Svenka-Savic\u0301-foto-Miodrag-Miki-Trajkovic\u0301-THUMB.jpg\",\"articleSection\":[\"20 years\",\"RWFund News\"],\"inLanguage\":\"en-US\"},{\"@type\":\"WebPage\",\"@id\":\"https:\\\/\\\/www.rwfund.org\\\/eng\\\/2024\\\/06\\\/18\\\/interview-with-the-founders-svenka-savic\\\/\",\"url\":\"https:\\\/\\\/www.rwfund.org\\\/eng\\\/2024\\\/06\\\/18\\\/interview-with-the-founders-svenka-savic\\\/\",\"name\":\"Interview with the founders: Svenka Savi\u0107 - Reconstruction Women&#039;s Fund\",\"isPartOf\":{\"@id\":\"https:\\\/\\\/www.rwfund.org\\\/eng\\\/#website\"},\"primaryImageOfPage\":{\"@id\":\"https:\\\/\\\/www.rwfund.org\\\/eng\\\/2024\\\/06\\\/18\\\/interview-with-the-founders-svenka-savic\\\/#primaryimage\"},\"image\":{\"@id\":\"https:\\\/\\\/www.rwfund.org\\\/eng\\\/2024\\\/06\\\/18\\\/interview-with-the-founders-svenka-savic\\\/#primaryimage\"},\"thumbnailUrl\":\"https:\\\/\\\/www.rwfund.org\\\/eng\\\/wp-content\\\/uploads\\\/sites\\\/2\\\/2024\\\/06\\\/Svenka-Savic\u0301-foto-Miodrag-Miki-Trajkovic\u0301-THUMB.jpg\",\"datePublished\":\"2024-06-18T17:59:50+00:00\",\"dateModified\":\"2024-06-18T17:59:52+00:00\",\"description\":\"We continue celebrating 20 years of Reconstruction with a conversation with the founders! Read the interview below with Svenka Savi\u0107, a linguist, Professor Emerita at the University of Novi Sad, and retired professor of psycholinguistics at the Faculty of Philosophy in Novi Sad.\",\"breadcrumb\":{\"@id\":\"https:\\\/\\\/www.rwfund.org\\\/eng\\\/2024\\\/06\\\/18\\\/interview-with-the-founders-svenka-savic\\\/#breadcrumb\"},\"inLanguage\":\"en-US\",\"potentialAction\":[{\"@type\":\"ReadAction\",\"target\":[\"https:\\\/\\\/www.rwfund.org\\\/eng\\\/2024\\\/06\\\/18\\\/interview-with-the-founders-svenka-savic\\\/\"]}]},{\"@type\":\"ImageObject\",\"inLanguage\":\"en-US\",\"@id\":\"https:\\\/\\\/www.rwfund.org\\\/eng\\\/2024\\\/06\\\/18\\\/interview-with-the-founders-svenka-savic\\\/#primaryimage\",\"url\":\"https:\\\/\\\/www.rwfund.org\\\/eng\\\/wp-content\\\/uploads\\\/sites\\\/2\\\/2024\\\/06\\\/Svenka-Savic\u0301-foto-Miodrag-Miki-Trajkovic\u0301-THUMB.jpg\",\"contentUrl\":\"https:\\\/\\\/www.rwfund.org\\\/eng\\\/wp-content\\\/uploads\\\/sites\\\/2\\\/2024\\\/06\\\/Svenka-Savic\u0301-foto-Miodrag-Miki-Trajkovic\u0301-THUMB.jpg\",\"width\":581,\"height\":579,\"caption\":\"Svenka Savi\u0107, photo Miodrag Miki Trajkovi\u0107\"},{\"@type\":\"BreadcrumbList\",\"@id\":\"https:\\\/\\\/www.rwfund.org\\\/eng\\\/2024\\\/06\\\/18\\\/interview-with-the-founders-svenka-savic\\\/#breadcrumb\",\"itemListElement\":[{\"@type\":\"ListItem\",\"position\":1,\"name\":\"Home\",\"item\":\"https:\\\/\\\/www.rwfund.org\\\/eng\\\/\"},{\"@type\":\"ListItem\",\"position\":2,\"name\":\"Interview with the founders: Svenka Savi\u0107\"}]},{\"@type\":\"WebSite\",\"@id\":\"https:\\\/\\\/www.rwfund.org\\\/eng\\\/#website\",\"url\":\"https:\\\/\\\/www.rwfund.org\\\/eng\\\/\",\"name\":\"Reconstruction Women&#039;s Fund\",\"description\":\"Reconstruction Women&#039;s Fund\",\"publisher\":{\"@id\":\"https:\\\/\\\/www.rwfund.org\\\/eng\\\/#organization\"},\"potentialAction\":[{\"@type\":\"SearchAction\",\"target\":{\"@type\":\"EntryPoint\",\"urlTemplate\":\"https:\\\/\\\/www.rwfund.org\\\/eng\\\/?s={search_term_string}\"},\"query-input\":{\"@type\":\"PropertyValueSpecification\",\"valueRequired\":true,\"valueName\":\"search_term_string\"}}],\"inLanguage\":\"en-US\"},{\"@type\":\"Organization\",\"@id\":\"https:\\\/\\\/www.rwfund.org\\\/eng\\\/#organization\",\"name\":\"Reconstruction Women's Fund\",\"url\":\"https:\\\/\\\/www.rwfund.org\\\/eng\\\/\",\"logo\":{\"@type\":\"ImageObject\",\"inLanguage\":\"en-US\",\"@id\":\"https:\\\/\\\/www.rwfund.org\\\/eng\\\/#\\\/schema\\\/logo\\\/image\\\/\",\"url\":\"https:\\\/\\\/www.rwfund.org\\\/eng\\\/wp-content\\\/uploads\\\/sites\\\/2\\\/2021\\\/03\\\/LOGO-CROP_V1.svg\",\"contentUrl\":\"https:\\\/\\\/www.rwfund.org\\\/eng\\\/wp-content\\\/uploads\\\/sites\\\/2\\\/2021\\\/03\\\/LOGO-CROP_V1.svg\",\"width\":420,\"height\":640,\"caption\":\"Reconstruction Women's Fund\"},\"image\":{\"@id\":\"https:\\\/\\\/www.rwfund.org\\\/eng\\\/#\\\/schema\\\/logo\\\/image\\\/\"}},{\"@type\":\"Person\",\"@id\":\"https:\\\/\\\/www.rwfund.org\\\/eng\\\/#\\\/schema\\\/person\\\/7f66cd314d22cafa159a33ddb347c266\",\"name\":\"Vlidi\",\"image\":{\"@type\":\"ImageObject\",\"inLanguage\":\"en-US\",\"@id\":\"https:\\\/\\\/secure.gravatar.com\\\/avatar\\\/ee1eae505fb8c4df5bdca89b166fd0a1953295104c5070b16558f93b0e4932af?s=96&d=mm&r=g\",\"url\":\"https:\\\/\\\/secure.gravatar.com\\\/avatar\\\/ee1eae505fb8c4df5bdca89b166fd0a1953295104c5070b16558f93b0e4932af?s=96&d=mm&r=g\",\"contentUrl\":\"https:\\\/\\\/secure.gravatar.com\\\/avatar\\\/ee1eae505fb8c4df5bdca89b166fd0a1953295104c5070b16558f93b0e4932af?s=96&d=mm&r=g\",\"caption\":\"Vlidi\"},\"url\":\"https:\\\/\\\/www.rwfund.org\\\/eng\\\/author\\\/testadmin\\\/\"}]}<\/script>\n<!-- \/ Yoast SEO plugin. -->","yoast_head_json":{"title":"Interview with the founders: Svenka Savi\u0107 - Reconstruction Women&#039;s Fund","description":"We continue celebrating 20 years of Reconstruction with a conversation with the founders! Read the interview below with Svenka Savi\u0107, a linguist, Professor Emerita at the University of Novi Sad, and retired professor of psycholinguistics at the Faculty of Philosophy in Novi Sad.","robots":{"index":"index","follow":"follow","max-snippet":"max-snippet:-1","max-image-preview":"max-image-preview:large","max-video-preview":"max-video-preview:-1"},"canonical":"https:\/\/www.rwfund.org\/eng\/2024\/06\/18\/interview-with-the-founders-svenka-savic\/","og_locale":"en_US","og_type":"article","og_title":"Interview with the founders: Svenka Savi\u0107 - Reconstruction Women&#039;s Fund","og_description":"We continue celebrating 20 years of Reconstruction with a conversation with the founders! Read the interview below with Svenka Savi\u0107, a linguist, Professor Emerita at the University of Novi Sad, and retired professor of psycholinguistics at the Faculty of Philosophy in Novi Sad.","og_url":"https:\/\/www.rwfund.org\/eng\/2024\/06\/18\/interview-with-the-founders-svenka-savic\/","og_site_name":"Reconstruction Women&#039;s Fund","article_published_time":"2024-06-18T17:59:50+00:00","article_modified_time":"2024-06-18T17:59:52+00:00","og_image":[{"width":581,"height":579,"url":"https:\/\/www.rwfund.org\/eng\/wp-content\/uploads\/sites\/2\/2024\/06\/Svenka-Savic\u0301-foto-Miodrag-Miki-Trajkovic\u0301-THUMB.jpg","type":"image\/jpeg"}],"author":"Vlidi","twitter_card":"summary_large_image","twitter_misc":{"Written by":"Vlidi","Est. reading time":"7 minutes"},"schema":{"@context":"https:\/\/schema.org","@graph":[{"@type":"Article","@id":"https:\/\/www.rwfund.org\/eng\/2024\/06\/18\/interview-with-the-founders-svenka-savic\/#article","isPartOf":{"@id":"https:\/\/www.rwfund.org\/eng\/2024\/06\/18\/interview-with-the-founders-svenka-savic\/"},"author":{"name":"Vlidi","@id":"https:\/\/www.rwfund.org\/eng\/#\/schema\/person\/7f66cd314d22cafa159a33ddb347c266"},"headline":"Interview with the founders: Svenka Savi\u0107","datePublished":"2024-06-18T17:59:50+00:00","dateModified":"2024-06-18T17:59:52+00:00","mainEntityOfPage":{"@id":"https:\/\/www.rwfund.org\/eng\/2024\/06\/18\/interview-with-the-founders-svenka-savic\/"},"wordCount":1451,"publisher":{"@id":"https:\/\/www.rwfund.org\/eng\/#organization"},"image":{"@id":"https:\/\/www.rwfund.org\/eng\/2024\/06\/18\/interview-with-the-founders-svenka-savic\/#primaryimage"},"thumbnailUrl":"https:\/\/www.rwfund.org\/eng\/wp-content\/uploads\/sites\/2\/2024\/06\/Svenka-Savic\u0301-foto-Miodrag-Miki-Trajkovic\u0301-THUMB.jpg","articleSection":["20 years","RWFund News"],"inLanguage":"en-US"},{"@type":"WebPage","@id":"https:\/\/www.rwfund.org\/eng\/2024\/06\/18\/interview-with-the-founders-svenka-savic\/","url":"https:\/\/www.rwfund.org\/eng\/2024\/06\/18\/interview-with-the-founders-svenka-savic\/","name":"Interview with the founders: Svenka Savi\u0107 - Reconstruction Women&#039;s Fund","isPartOf":{"@id":"https:\/\/www.rwfund.org\/eng\/#website"},"primaryImageOfPage":{"@id":"https:\/\/www.rwfund.org\/eng\/2024\/06\/18\/interview-with-the-founders-svenka-savic\/#primaryimage"},"image":{"@id":"https:\/\/www.rwfund.org\/eng\/2024\/06\/18\/interview-with-the-founders-svenka-savic\/#primaryimage"},"thumbnailUrl":"https:\/\/www.rwfund.org\/eng\/wp-content\/uploads\/sites\/2\/2024\/06\/Svenka-Savic\u0301-foto-Miodrag-Miki-Trajkovic\u0301-THUMB.jpg","datePublished":"2024-06-18T17:59:50+00:00","dateModified":"2024-06-18T17:59:52+00:00","description":"We continue celebrating 20 years of Reconstruction with a conversation with the founders! Read the interview below with Svenka Savi\u0107, a linguist, Professor Emerita at the University of Novi Sad, and retired professor of psycholinguistics at the Faculty of Philosophy in Novi Sad.","breadcrumb":{"@id":"https:\/\/www.rwfund.org\/eng\/2024\/06\/18\/interview-with-the-founders-svenka-savic\/#breadcrumb"},"inLanguage":"en-US","potentialAction":[{"@type":"ReadAction","target":["https:\/\/www.rwfund.org\/eng\/2024\/06\/18\/interview-with-the-founders-svenka-savic\/"]}]},{"@type":"ImageObject","inLanguage":"en-US","@id":"https:\/\/www.rwfund.org\/eng\/2024\/06\/18\/interview-with-the-founders-svenka-savic\/#primaryimage","url":"https:\/\/www.rwfund.org\/eng\/wp-content\/uploads\/sites\/2\/2024\/06\/Svenka-Savic\u0301-foto-Miodrag-Miki-Trajkovic\u0301-THUMB.jpg","contentUrl":"https:\/\/www.rwfund.org\/eng\/wp-content\/uploads\/sites\/2\/2024\/06\/Svenka-Savic\u0301-foto-Miodrag-Miki-Trajkovic\u0301-THUMB.jpg","width":581,"height":579,"caption":"Svenka Savi\u0107, photo Miodrag Miki Trajkovi\u0107"},{"@type":"BreadcrumbList","@id":"https:\/\/www.rwfund.org\/eng\/2024\/06\/18\/interview-with-the-founders-svenka-savic\/#breadcrumb","itemListElement":[{"@type":"ListItem","position":1,"name":"Home","item":"https:\/\/www.rwfund.org\/eng\/"},{"@type":"ListItem","position":2,"name":"Interview with the founders: Svenka Savi\u0107"}]},{"@type":"WebSite","@id":"https:\/\/www.rwfund.org\/eng\/#website","url":"https:\/\/www.rwfund.org\/eng\/","name":"Reconstruction Women&#039;s Fund","description":"Reconstruction Women&#039;s Fund","publisher":{"@id":"https:\/\/www.rwfund.org\/eng\/#organization"},"potentialAction":[{"@type":"SearchAction","target":{"@type":"EntryPoint","urlTemplate":"https:\/\/www.rwfund.org\/eng\/?s={search_term_string}"},"query-input":{"@type":"PropertyValueSpecification","valueRequired":true,"valueName":"search_term_string"}}],"inLanguage":"en-US"},{"@type":"Organization","@id":"https:\/\/www.rwfund.org\/eng\/#organization","name":"Reconstruction Women's Fund","url":"https:\/\/www.rwfund.org\/eng\/","logo":{"@type":"ImageObject","inLanguage":"en-US","@id":"https:\/\/www.rwfund.org\/eng\/#\/schema\/logo\/image\/","url":"https:\/\/www.rwfund.org\/eng\/wp-content\/uploads\/sites\/2\/2021\/03\/LOGO-CROP_V1.svg","contentUrl":"https:\/\/www.rwfund.org\/eng\/wp-content\/uploads\/sites\/2\/2021\/03\/LOGO-CROP_V1.svg","width":420,"height":640,"caption":"Reconstruction Women's Fund"},"image":{"@id":"https:\/\/www.rwfund.org\/eng\/#\/schema\/logo\/image\/"}},{"@type":"Person","@id":"https:\/\/www.rwfund.org\/eng\/#\/schema\/person\/7f66cd314d22cafa159a33ddb347c266","name":"Vlidi","image":{"@type":"ImageObject","inLanguage":"en-US","@id":"https:\/\/secure.gravatar.com\/avatar\/ee1eae505fb8c4df5bdca89b166fd0a1953295104c5070b16558f93b0e4932af?s=96&d=mm&r=g","url":"https:\/\/secure.gravatar.com\/avatar\/ee1eae505fb8c4df5bdca89b166fd0a1953295104c5070b16558f93b0e4932af?s=96&d=mm&r=g","contentUrl":"https:\/\/secure.gravatar.com\/avatar\/ee1eae505fb8c4df5bdca89b166fd0a1953295104c5070b16558f93b0e4932af?s=96&d=mm&r=g","caption":"Vlidi"},"url":"https:\/\/www.rwfund.org\/eng\/author\/testadmin\/"}]}},"taxonomy_info":{"category":[{"value":41,"label":"20 years"},{"value":1,"label":"RWFund News"}]},"featured_image_src_large":["https:\/\/www.rwfund.org\/eng\/wp-content\/uploads\/sites\/2\/2024\/06\/Svenka-Savic\u0301-foto-Miodrag-Miki-Trajkovic\u0301-THUMB.jpg",581,579,false],"author_info":{"display_name":"Vlidi","author_link":"https:\/\/www.rwfund.org\/eng\/author\/testadmin\/"},"comment_info":0,"category_info":[{"term_id":41,"name":"20 years","slug":"20-years","term_group":0,"term_taxonomy_id":41,"taxonomy":"category","description":"","parent":1,"count":5,"filter":"raw","cat_ID":41,"category_count":5,"category_description":"","cat_name":"20 years","category_nicename":"20-years","category_parent":1},{"term_id":1,"name":"RWFund News","slug":"news","term_group":0,"term_taxonomy_id":1,"taxonomy":"category","description":"","parent":0,"count":184,"filter":"raw","cat_ID":1,"category_count":184,"category_description":"","cat_name":"RWFund News","category_nicename":"news","category_parent":0}],"tag_info":false,"_links":{"self":[{"href":"https:\/\/www.rwfund.org\/eng\/wp-json\/wp\/v2\/posts\/16530","targetHints":{"allow":["GET"]}}],"collection":[{"href":"https:\/\/www.rwfund.org\/eng\/wp-json\/wp\/v2\/posts"}],"about":[{"href":"https:\/\/www.rwfund.org\/eng\/wp-json\/wp\/v2\/types\/post"}],"author":[{"embeddable":true,"href":"https:\/\/www.rwfund.org\/eng\/wp-json\/wp\/v2\/users\/1"}],"replies":[{"embeddable":true,"href":"https:\/\/www.rwfund.org\/eng\/wp-json\/wp\/v2\/comments?post=16530"}],"version-history":[{"count":1,"href":"https:\/\/www.rwfund.org\/eng\/wp-json\/wp\/v2\/posts\/16530\/revisions"}],"predecessor-version":[{"id":16533,"href":"https:\/\/www.rwfund.org\/eng\/wp-json\/wp\/v2\/posts\/16530\/revisions\/16533"}],"wp:featuredmedia":[{"embeddable":true,"href":"https:\/\/www.rwfund.org\/eng\/wp-json\/wp\/v2\/media\/16532"}],"wp:attachment":[{"href":"https:\/\/www.rwfund.org\/eng\/wp-json\/wp\/v2\/media?parent=16530"}],"wp:term":[{"taxonomy":"category","embeddable":true,"href":"https:\/\/www.rwfund.org\/eng\/wp-json\/wp\/v2\/categories?post=16530"},{"taxonomy":"post_tag","embeddable":true,"href":"https:\/\/www.rwfund.org\/eng\/wp-json\/wp\/v2\/tags?post=16530"}],"curies":[{"name":"wp","href":"https:\/\/api.w.org\/{rel}","templated":true}]}}